{"id":14437,"date":"2025-05-07T19:40:21","date_gmt":"2025-05-07T17:40:21","guid":{"rendered":"https:\/\/pg-markt-rettenbach.de\/startseite\/?p=14437"},"modified":"2025-05-26T10:01:04","modified_gmt":"2025-05-26T08:01:04","slug":"erstkommunion-2025","status":"publish","type":"post","link":"https:\/\/pg-markt-rettenbach.de\/startseite\/2025\/05\/07\/erstkommunion-2025\/","title":{"rendered":"Erstkommunion 2025"},"content":{"rendered":"\t\t<div data-elementor-type=\"wp-post\" data-elementor-id=\"14437\" class=\"elementor elementor-14437\" data-elementor-post-type=\"post\">\n\t\t\t\t\t\t<section class=\"elementor-section elementor-top-section elementor-element elementor-element-fca432a elementor-section-boxed elementor-section-height-default elementor-section-height-default\" data-id=\"fca432a\" data-element_type=\"section\" data-e-type=\"section\">\n\t\t\t\t\t\t<div class=\"elementor-container elementor-column-gap-default\">\n\t\t\t\t\t<div class=\"elementor-column elementor-col-100 elementor-top-column elementor-element elementor-element-8e64b3e\" data-id=\"8e64b3e\" data-element_type=\"column\" data-e-type=\"column\">\n\t\t\t<div class=\"elementor-widget-wrap elementor-element-populated\">\n\t\t\t\t\t\t<div class=\"elementor-element elementor-element-6329e6b elementor-widget elementor-widget-heading\" data-id=\"6329e6b\" data-element_type=\"widget\" data-e-type=\"widget\" data-widget_type=\"heading.default\">\n\t\t\t\t<div class=\"elementor-widget-container\">\n\t\t\t\t\t<h2 class=\"elementor-heading-title elementor-size-default\">Erstkommunionfeiern 2025<\/h2>\t\t\t\t<\/div>\n\t\t\t\t<\/div>\n\t\t\t\t\t<\/div>\n\t\t<\/div>\n\t\t\t\t\t<\/div>\n\t\t<\/section>\n\t\t\t\t<section class=\"elementor-section elementor-top-section elementor-element elementor-element-4cc9d0f elementor-section-boxed elementor-section-height-default elementor-section-height-default\" data-id=\"4cc9d0f\" data-element_type=\"section\" data-e-type=\"section\">\n\t\t\t\t\t\t<div class=\"elementor-container elementor-column-gap-default\">\n\t\t\t\t\t<div class=\"elementor-column elementor-col-100 elementor-top-column elementor-element elementor-element-619cc1b\" data-id=\"619cc1b\" data-element_type=\"column\" data-e-type=\"column\">\n\t\t\t<div class=\"elementor-widget-wrap elementor-element-populated\">\n\t\t\t\t\t\t<div class=\"elementor-element elementor-element-9bf94f4 elementor-widget elementor-widget-text-editor\" data-id=\"9bf94f4\" data-element_type=\"widget\" data-e-type=\"widget\" data-widget_type=\"text-editor.default\">\n\t\t\t\t<div class=\"elementor-widget-container\">\n\t\t\t\t\t\t\t\t\t<p>Unter dem Motto \u201eKommt her und esst\u201c empfingen in unserer Pfarreiengemeinschaft insgesamt 26 Kinder ihre erste heilige Kommunion. Die Festgottesdienste standen im Zeichen der Begegnung mit dem Auferstandenen, der die J\u00fcnger am See Tiberias zu Brot und Fisch einl\u00e4dt. Wir gratulieren den Kindern zu diesem sch\u00f6nen Fest und w\u00fcnschen ihnen viel Freude auf ihrem weiteren Glaubensweg.<\/p>\t\t\t\t\t\t\t\t<\/div>\n\t\t\t\t<\/div>\n\t\t\t\t\t<\/div>\n\t\t<\/div>\n\t\t\t\t\t<\/div>\n\t\t<\/section>\n\t\t\t\t<section class=\"elementor-section elementor-top-section elementor-element elementor-element-f1759a6 elementor-section-boxed elementor-section-height-default elementor-section-height-default\" data-id=\"f1759a6\" data-element_type=\"section\" data-e-type=\"section\">\n\t\t\t\t\t\t<div class=\"elementor-container elementor-column-gap-default\">\n\t\t\t\t\t<div class=\"elementor-column elementor-col-50 elementor-top-column elementor-element elementor-element-f299a33\" data-id=\"f299a33\" data-element_type=\"column\" data-e-type=\"column\">\n\t\t\t<div class=\"elementor-widget-wrap elementor-element-populated\">\n\t\t\t\t\t\t<div class=\"elementor-element elementor-element-6a5d3e0 elementor-widget elementor-widget-image\" data-id=\"6a5d3e0\" data-element_type=\"widget\" data-e-type=\"widget\" data-widget_type=\"image.default\">\n\t\t\t\t<div class=\"elementor-widget-container\">\n\t\t\t\t\t\t\t\t\t\t\t\t\t\t\t<img fetchpriority=\"high\" decoding=\"async\" width=\"800\" height=\"532\" src=\"https:\/\/pg-markt-rettenbach.de\/wp-content\/uploads\/2025\/05\/2025-Erstkommunion-ER-1024x681.jpg\" class=\"attachment-large size-large wp-image-14440\" alt=\"\" srcset=\"https:\/\/pg-markt-rettenbach.de\/wp-content\/uploads\/2025\/05\/2025-Erstkommunion-ER-1024x681.jpg 1024w, https:\/\/pg-markt-rettenbach.de\/wp-content\/uploads\/2025\/05\/2025-Erstkommunion-ER-300x199.jpg 300w, https:\/\/pg-markt-rettenbach.de\/wp-content\/uploads\/2025\/05\/2025-Erstkommunion-ER-768x511.jpg 768w, https:\/\/pg-markt-rettenbach.de\/wp-content\/uploads\/2025\/05\/2025-Erstkommunion-ER-1536x1021.jpg 1536w, https:\/\/pg-markt-rettenbach.de\/wp-content\/uploads\/2025\/05\/2025-Erstkommunion-ER.jpg 1573w\" sizes=\"(max-width: 800px) 100vw, 800px\" \/>\t\t\t\t\t\t\t\t\t\t\t\t\t\t\t<\/div>\n\t\t\t\t<\/div>\n\t\t\t\t<div class=\"elementor-element elementor-element-41632bd elementor-widget elementor-widget-text-editor\" data-id=\"41632bd\" data-element_type=\"widget\" data-e-type=\"widget\" data-widget_type=\"text-editor.default\">\n\t\t\t\t<div class=\"elementor-widget-container\">\n\t\t\t\t\t\t\t\t\t<p><em>Die f\u00fcnf Engetrieder Kommunionkinder feierten als erste: Der Auftakt zu unseren Erstkommunionfeiern fand am Samstag, den 26. April statt. Foto: Harald Niederhofer<\/em><\/p>\t\t\t\t\t\t\t\t<\/div>\n\t\t\t\t<\/div>\n\t\t\t\t\t<\/div>\n\t\t<\/div>\n\t\t\t\t<div class=\"elementor-column elementor-col-50 elementor-top-column elementor-element elementor-element-ea79fa5\" data-id=\"ea79fa5\" data-element_type=\"column\" data-e-type=\"column\">\n\t\t\t<div class=\"elementor-widget-wrap elementor-element-populated\">\n\t\t\t\t\t\t<div class=\"elementor-element elementor-element-743d99e elementor-widget elementor-widget-image\" data-id=\"743d99e\" data-element_type=\"widget\" data-e-type=\"widget\" data-widget_type=\"image.default\">\n\t\t\t\t<div class=\"elementor-widget-container\">\n\t\t\t\t\t\t\t\t\t\t\t\t\t\t\t<img decoding=\"async\" width=\"800\" height=\"537\" src=\"https:\/\/pg-markt-rettenbach.de\/wp-content\/uploads\/2025\/05\/2025-Erstkommunion-MR-1024x687.jpg\" class=\"attachment-large size-large wp-image-14439\" alt=\"\" srcset=\"https:\/\/pg-markt-rettenbach.de\/wp-content\/uploads\/2025\/05\/2025-Erstkommunion-MR-1024x687.jpg 1024w, https:\/\/pg-markt-rettenbach.de\/wp-content\/uploads\/2025\/05\/2025-Erstkommunion-MR-300x201.jpg 300w, https:\/\/pg-markt-rettenbach.de\/wp-content\/uploads\/2025\/05\/2025-Erstkommunion-MR-768x516.jpg 768w, https:\/\/pg-markt-rettenbach.de\/wp-content\/uploads\/2025\/05\/2025-Erstkommunion-MR.jpg 1512w\" sizes=\"(max-width: 800px) 100vw, 800px\" \/>\t\t\t\t\t\t\t\t\t\t\t\t\t\t\t<\/div>\n\t\t\t\t<\/div>\n\t\t\t\t<div class=\"elementor-element elementor-element-29ff8b1 elementor-widget elementor-widget-text-editor\" data-id=\"29ff8b1\" data-element_type=\"widget\" data-e-type=\"widget\" data-widget_type=\"text-editor.default\">\n\t\t\t\t<div class=\"elementor-widget-container\">\n\t\t\t\t\t\t\t\t\t<p><em>15 Kinder, darunter ein Gastkind aus Eheim, feierten in Markt Rettenbach am 27. April ihre Erstkommunion. Foto: Harald Niederhofer<\/em><\/p>\t\t\t\t\t\t\t\t<\/div>\n\t\t\t\t<\/div>\n\t\t\t\t\t<\/div>\n\t\t<\/div>\n\t\t\t\t\t<\/div>\n\t\t<\/section>\n\t\t\t\t<section class=\"elementor-section elementor-top-section elementor-element elementor-element-0698742 elementor-section-boxed elementor-section-height-default elementor-section-height-default\" data-id=\"0698742\" data-element_type=\"section\" data-e-type=\"section\">\n\t\t\t\t\t\t<div class=\"elementor-container elementor-column-gap-default\">\n\t\t\t\t\t<div class=\"elementor-column elementor-col-50 elementor-top-column elementor-element elementor-element-e0e78b6\" data-id=\"e0e78b6\" data-element_type=\"column\" data-e-type=\"column\">\n\t\t\t<div class=\"elementor-widget-wrap elementor-element-populated\">\n\t\t\t\t\t\t<div class=\"elementor-element elementor-element-408c929 elementor-widget__width-initial elementor-widget elementor-widget-image\" data-id=\"408c929\" data-element_type=\"widget\" data-e-type=\"widget\" data-widget_type=\"image.default\">\n\t\t\t\t<div class=\"elementor-widget-container\">\n\t\t\t\t\t\t\t\t\t\t\t\t\t\t\t<img decoding=\"async\" width=\"800\" height=\"646\" src=\"https:\/\/pg-markt-rettenbach.de\/wp-content\/uploads\/2025\/05\/2025-Erstkommunion-EU-1024x827.jpg\" class=\"attachment-large size-large wp-image-14444\" alt=\"\" srcset=\"https:\/\/pg-markt-rettenbach.de\/wp-content\/uploads\/2025\/05\/2025-Erstkommunion-EU-1024x827.jpg 1024w, https:\/\/pg-markt-rettenbach.de\/wp-content\/uploads\/2025\/05\/2025-Erstkommunion-EU-300x242.jpg 300w, https:\/\/pg-markt-rettenbach.de\/wp-content\/uploads\/2025\/05\/2025-Erstkommunion-EU-768x620.jpg 768w, https:\/\/pg-markt-rettenbach.de\/wp-content\/uploads\/2025\/05\/2025-Erstkommunion-EU.jpg 1120w\" sizes=\"(max-width: 800px) 100vw, 800px\" \/>\t\t\t\t\t\t\t\t\t\t\t\t\t\t\t<\/div>\n\t\t\t\t<\/div>\n\t\t\t\t<div class=\"elementor-element elementor-element-e9f90ae elementor-widget elementor-widget-text-editor\" data-id=\"e9f90ae\" data-element_type=\"widget\" data-e-type=\"widget\" data-widget_type=\"text-editor.default\">\n\t\t\t\t<div class=\"elementor-widget-container\">\n\t\t\t\t\t\t\t\t\t<p><em>Zu dritt feierten die Eutenhauser Kommunionkinder, die sich im Anschluss an ihre Erstkommunion zusammen mit Pfarrer Beck und den Ministranten vor dem Hochaltar aufstellten. Foto: Daniel Betrich<\/em><\/p>\t\t\t\t\t\t\t\t<\/div>\n\t\t\t\t<\/div>\n\t\t\t\t\t<\/div>\n\t\t<\/div>\n\t\t\t\t<div class=\"elementor-column elementor-col-50 elementor-top-column elementor-element elementor-element-2147e9c\" data-id=\"2147e9c\" data-element_type=\"column\" data-e-type=\"column\">\n\t\t\t<div class=\"elementor-widget-wrap elementor-element-populated\">\n\t\t\t\t\t\t<div class=\"elementor-element elementor-element-bb3d8e4 elementor-widget elementor-widget-image\" data-id=\"bb3d8e4\" data-element_type=\"widget\" data-e-type=\"widget\" data-widget_type=\"image.default\">\n\t\t\t\t<div class=\"elementor-widget-container\">\n\t\t\t\t\t\t\t\t\t\t\t\t\t\t\t<img loading=\"lazy\" decoding=\"async\" width=\"800\" height=\"567\" src=\"https:\/\/pg-markt-rettenbach.de\/wp-content\/uploads\/2025\/05\/2025-Erstkommunion-FR-1024x726.jpg\" class=\"attachment-large size-large wp-image-14445\" alt=\"\" srcset=\"https:\/\/pg-markt-rettenbach.de\/wp-content\/uploads\/2025\/05\/2025-Erstkommunion-FR-1024x726.jpg 1024w, https:\/\/pg-markt-rettenbach.de\/wp-content\/uploads\/2025\/05\/2025-Erstkommunion-FR-300x213.jpg 300w, https:\/\/pg-markt-rettenbach.de\/wp-content\/uploads\/2025\/05\/2025-Erstkommunion-FR-768x544.jpg 768w, https:\/\/pg-markt-rettenbach.de\/wp-content\/uploads\/2025\/05\/2025-Erstkommunion-FR.jpg 1246w\" sizes=\"(max-width: 800px) 100vw, 800px\" \/>\t\t\t\t\t\t\t\t\t\t\t\t\t\t\t<\/div>\n\t\t\t\t<\/div>\n\t\t\t\t<div class=\"elementor-element elementor-element-6a54b97 elementor-widget elementor-widget-text-editor\" data-id=\"6a54b97\" data-element_type=\"widget\" data-e-type=\"widget\" data-widget_type=\"text-editor.default\">\n\t\t\t\t<div class=\"elementor-widget-container\">\n\t\t\t\t\t\t\t\t\t<p><em>Den Abschluss unserer Kommunionfeiern bildeten die Frechenrieder Kommunionkinder. Sie waren ebenfalls zu dritt und feierten am 4. Mai. Foto: Josef Diebolder<\/em><\/p>\t\t\t\t\t\t\t\t<\/div>\n\t\t\t\t<\/div>\n\t\t\t\t\t<\/div>\n\t\t<\/div>\n\t\t\t\t\t<\/div>\n\t\t<\/section>\n\t\t\t\t<section class=\"elementor-section elementor-top-section elementor-element elementor-element-934acf0 elementor-section-boxed elementor-section-height-default elementor-section-height-default\" data-id=\"934acf0\" data-element_type=\"section\" data-e-type=\"section\">\n\t\t\t\t\t\t<div class=\"elementor-container elementor-column-gap-default\">\n\t\t\t\t\t<div class=\"elementor-column elementor-col-100 elementor-top-column elementor-element elementor-element-87c6708\" data-id=\"87c6708\" data-element_type=\"column\" data-e-type=\"column\">\n\t\t\t<div class=\"elementor-widget-wrap elementor-element-populated\">\n\t\t\t\t\t\t<div class=\"elementor-element elementor-element-97d7d0c elementor-widget elementor-widget-spacer\" data-id=\"97d7d0c\" data-element_type=\"widget\" data-e-type=\"widget\" data-widget_type=\"spacer.default\">\n\t\t\t\t<div class=\"elementor-widget-container\">\n\t\t\t\t\t\t\t<div class=\"elementor-spacer\">\n\t\t\t<div class=\"elementor-spacer-inner\"><\/div>\n\t\t<\/div>\n\t\t\t\t\t\t<\/div>\n\t\t\t\t<\/div>\n\t\t\t\t\t<\/div>\n\t\t<\/div>\n\t\t\t\t\t<\/div>\n\t\t<\/section>\n\t\t\t\t<\/div>\n\t\t","protected":false},"excerpt":{"rendered":"<p>Erstkommunionfeiern 2025 Unter dem Motto \u201eKommt her und esst\u201c empfingen in unserer Pfarreiengemeinschaft insgesamt 26 Kinder ihre erste heilige Kommunion. Die Festgottesdienste standen im Zeichen der Begegnung mit dem Auferstandenen, [&hellip;]<\/p>\n","protected":false},"author":1,"featured_media":14439,"comment_status":"closed","ping_status":"open","sticky":false,"template":"","format":"standard","meta":{"_EventAllDay":false,"_EventTimezone":"","_EventStartDate":"","_EventEndDate":"","_EventStartDateUTC":"","_EventEndDateUTC":"","_EventShowMap":false,"_EventShowMapLink":false,"_EventURL":"","_EventCost":"","_EventCostDescription":"","_EventCurrencySymbol":"","_EventCurrencyCode":"","_EventCurrencyPosition":"","_EventDateTimeSeparator":"","_EventTimeRangeSeparator":"","_EventOrganizerID":[],"_EventVenueID":[],"_OrganizerEmail":"","_OrganizerPhone":"","_OrganizerWebsite":"","_VenueAddress":"","_VenueCity":"","_VenueCountry":"","_VenueProvince":"","_VenueState":"","_VenueZip":"","_VenuePhone":"","_VenueURL":"","_VenueStateProvince":"","_VenueLat":"","_VenueLng":"","_VenueShowMap":false,"_VenueShowMapLink":false,"footnotes":""},"categories":[4],"tags":[],"class_list":["post-14437","post","type-post","status-publish","format-standard","has-post-thumbnail","hentry","category-aktuelles"],"_links":{"self":[{"href":"https:\/\/pg-markt-rettenbach.de\/startseite\/wp-json\/wp\/v2\/posts\/14437","targetHints":{"allow":["GET"]}}],"collection":[{"href":"https:\/\/pg-markt-rettenbach.de\/startseite\/wp-json\/wp\/v2\/posts"}],"about":[{"href":"https:\/\/pg-markt-rettenbach.de\/startseite\/wp-json\/wp\/v2\/types\/post"}],"author":[{"embeddable":true,"href":"https:\/\/pg-markt-rettenbach.de\/startseite\/wp-json\/wp\/v2\/users\/1"}],"replies":[{"embeddable":true,"href":"https:\/\/pg-markt-rettenbach.de\/startseite\/wp-json\/wp\/v2\/comments?post=14437"}],"version-history":[{"count":10,"href":"https:\/\/pg-markt-rettenbach.de\/startseite\/wp-json\/wp\/v2\/posts\/14437\/revisions"}],"predecessor-version":[{"id":14573,"href":"https:\/\/pg-markt-rettenbach.de\/startseite\/wp-json\/wp\/v2\/posts\/14437\/revisions\/14573"}],"wp:featuredmedia":[{"embeddable":true,"href":"https:\/\/pg-markt-rettenbach.de\/startseite\/wp-json\/wp\/v2\/media\/14439"}],"wp:attachment":[{"href":"https:\/\/pg-markt-rettenbach.de\/startseite\/wp-json\/wp\/v2\/media?parent=14437"}],"wp:term":[{"taxonomy":"category","embeddable":true,"href":"https:\/\/pg-markt-rettenbach.de\/startseite\/wp-json\/wp\/v2\/categories?post=14437"},{"taxonomy":"post_tag","embeddable":true,"href":"https:\/\/pg-markt-rettenbach.de\/startseite\/wp-json\/wp\/v2\/tags?post=14437"}],"curies":[{"name":"wp","href":"https:\/\/api.w.org\/{rel}","templated":true}]}}