{"id":15208,"date":"2025-09-22T09:07:01","date_gmt":"2025-09-22T07:07:01","guid":{"rendered":"https:\/\/pg-markt-rettenbach.de\/startseite\/?p=15208"},"modified":"2025-09-24T09:29:53","modified_gmt":"2025-09-24T07:29:53","slug":"strahlender-sonneschein-bei-bergmesse","status":"publish","type":"post","link":"https:\/\/pg-markt-rettenbach.de\/startseite\/2025\/09\/22\/strahlender-sonneschein-bei-bergmesse\/","title":{"rendered":"Strahlender Sonneschein bei Bergmesse"},"content":{"rendered":"\t\t<div data-elementor-type=\"wp-post\" data-elementor-id=\"15208\" class=\"elementor elementor-15208\" data-elementor-post-type=\"post\">\n\t\t\t\t\t\t<section class=\"elementor-section elementor-top-section elementor-element elementor-element-982c330 elementor-section-boxed elementor-section-height-default elementor-section-height-default\" data-id=\"982c330\" data-element_type=\"section\" data-e-type=\"section\">\n\t\t\t\t\t\t<div class=\"elementor-container elementor-column-gap-default\">\n\t\t\t\t\t<div class=\"elementor-column elementor-col-100 elementor-top-column elementor-element elementor-element-fe651a9\" data-id=\"fe651a9\" data-element_type=\"column\" data-e-type=\"column\">\n\t\t\t<div class=\"elementor-widget-wrap elementor-element-populated\">\n\t\t\t\t\t\t<div class=\"elementor-element elementor-element-cb4dd17 elementor-widget elementor-widget-heading\" data-id=\"cb4dd17\" data-element_type=\"widget\" data-e-type=\"widget\" data-widget_type=\"heading.default\">\n\t\t\t\t<div class=\"elementor-widget-container\">\n\t\t\t\t\t<h2 class=\"elementor-heading-title elementor-size-default\">Bergmesse mit St\u00e4rkung f\u00fcr Leib und Seele<\/h2>\t\t\t\t<\/div>\n\t\t\t\t<\/div>\n\t\t\t\t\t<\/div>\n\t\t<\/div>\n\t\t\t\t\t<\/div>\n\t\t<\/section>\n\t\t\t\t<section class=\"elementor-section elementor-top-section elementor-element elementor-element-39e857f elementor-section-boxed elementor-section-height-default elementor-section-height-default\" data-id=\"39e857f\" data-element_type=\"section\" data-e-type=\"section\">\n\t\t\t\t\t\t<div class=\"elementor-container elementor-column-gap-default\">\n\t\t\t\t\t<div class=\"elementor-column elementor-col-100 elementor-top-column elementor-element elementor-element-b2c7d3d\" data-id=\"b2c7d3d\" data-element_type=\"column\" data-e-type=\"column\">\n\t\t\t<div class=\"elementor-widget-wrap elementor-element-populated\">\n\t\t\t\t\t\t<div class=\"elementor-element elementor-element-39565be elementor-widget elementor-widget-text-editor\" data-id=\"39565be\" data-element_type=\"widget\" data-e-type=\"widget\" data-widget_type=\"text-editor.default\">\n\t\t\t\t<div class=\"elementor-widget-container\">\n\t\t\t\t\t\t\t\t\t<p>Bei strahlendem Sonnenschein feierten viele Gl\u00e4ubige aus Markt Rettenbach und weit dar\u00fcber hinaus die diesj\u00e4hrige Bergmesse der Pfarreiengemeinschaft am Oberjoch. W\u00e4hrend die Andacht unsere Seelen st\u00e4rkte, sorgten das gute Wetter und der anschlie\u00dfende Fr\u00fchschoppen f\u00fcr das leibliche Wohlbefinden. Ein Dank ergeht an alle Mitwirkenden, besonders an die Musikkapelle Eutenhausen-Mussenhausen, der Mesnerin mit ihren Helfern, den Ministranten und dem Wirt der Vorderen Wiedhagalpe, bei dem wir zu Gast sein durften.\u00a0Ein besonderer Dank sei unserem Bergmessen-Beauftragten Rudi Freuding gesagt, der im Kontakt mit dem Wirt die organisatorischen Details kl\u00e4rte.<\/p>\t\t\t\t\t\t\t\t<\/div>\n\t\t\t\t<\/div>\n\t\t\t\t\t<\/div>\n\t\t<\/div>\n\t\t\t\t\t<\/div>\n\t\t<\/section>\n\t\t\t\t<section class=\"elementor-section elementor-top-section elementor-element elementor-element-e91a82e elementor-section-boxed elementor-section-height-default elementor-section-height-default\" data-id=\"e91a82e\" data-element_type=\"section\" data-e-type=\"section\">\n\t\t\t\t\t\t<div class=\"elementor-container elementor-column-gap-default\">\n\t\t\t\t\t<div class=\"elementor-column elementor-col-100 elementor-top-column elementor-element elementor-element-3dc62e7\" data-id=\"3dc62e7\" data-element_type=\"column\" data-e-type=\"column\">\n\t\t\t<div class=\"elementor-widget-wrap elementor-element-populated\">\n\t\t\t\t\t\t<div class=\"elementor-element elementor-element-df08def elementor-widget elementor-widget-image\" data-id=\"df08def\" data-element_type=\"widget\" data-e-type=\"widget\" data-widget_type=\"image.default\">\n\t\t\t\t<div class=\"elementor-widget-container\">\n\t\t\t\t\t\t\t\t\t\t\t\t\t\t\t<img fetchpriority=\"high\" decoding=\"async\" width=\"1536\" height=\"709\" src=\"https:\/\/pg-markt-rettenbach.de\/wp-content\/uploads\/2025\/09\/Bergmesse-1536x709.jpg\" class=\"attachment-1536x1536 size-1536x1536 wp-image-15209\" alt=\"\" srcset=\"https:\/\/pg-markt-rettenbach.de\/wp-content\/uploads\/2025\/09\/Bergmesse-1536x709.jpg 1536w, https:\/\/pg-markt-rettenbach.de\/wp-content\/uploads\/2025\/09\/Bergmesse-300x138.jpg 300w, https:\/\/pg-markt-rettenbach.de\/wp-content\/uploads\/2025\/09\/Bergmesse-1024x473.jpg 1024w, https:\/\/pg-markt-rettenbach.de\/wp-content\/uploads\/2025\/09\/Bergmesse-768x354.jpg 768w, https:\/\/pg-markt-rettenbach.de\/wp-content\/uploads\/2025\/09\/Bergmesse.jpg 1855w\" sizes=\"(max-width: 1536px) 100vw, 1536px\" \/>\t\t\t\t\t\t\t\t\t\t\t\t\t\t\t<\/div>\n\t\t\t\t<\/div>\n\t\t\t\t<div class=\"elementor-element elementor-element-fe38d67 elementor-widget elementor-widget-text-editor\" data-id=\"fe38d67\" data-element_type=\"widget\" data-e-type=\"widget\" data-widget_type=\"text-editor.default\">\n\t\t\t\t<div class=\"elementor-widget-container\">\n\t\t\t\t\t\t\t\t\t<p><em>Strahlender Sonnenschein sorgte f\u00fcr eine gro\u00dfartige Atmosph\u00e4re bei der diesj\u00e4hrigen Bergmesse. Foto: Christine Arnold.<\/em><\/p><p><em>Weitere Eindr\u00fccke bieten die folgenden Aufnahmen, die unsere Mesnerin Christine Arnold bei der Bergmesse gemacht hat:<\/em><\/p>\t\t\t\t\t\t\t\t<\/div>\n\t\t\t\t<\/div>\n\t\t\t\t\t<\/div>\n\t\t<\/div>\n\t\t\t\t\t<\/div>\n\t\t<\/section>\n\t\t\t\t<section class=\"elementor-section elementor-top-section elementor-element elementor-element-cd1a5b5 elementor-section-boxed elementor-section-height-default elementor-section-height-default\" data-id=\"cd1a5b5\" data-element_type=\"section\" data-e-type=\"section\">\n\t\t\t\t\t\t<div class=\"elementor-container elementor-column-gap-default\">\n\t\t\t\t\t<div class=\"elementor-column elementor-col-33 elementor-top-column elementor-element elementor-element-07764d4\" data-id=\"07764d4\" data-element_type=\"column\" data-e-type=\"column\">\n\t\t\t<div class=\"elementor-widget-wrap elementor-element-populated\">\n\t\t\t\t\t\t<div class=\"elementor-element elementor-element-14c357d elementor-widget elementor-widget-image\" data-id=\"14c357d\" data-element_type=\"widget\" data-e-type=\"widget\" data-widget_type=\"image.default\">\n\t\t\t\t<div class=\"elementor-widget-container\">\n\t\t\t\t\t\t\t\t\t\t\t\t\t\t\t<img decoding=\"async\" width=\"472\" height=\"1024\" src=\"https:\/\/pg-markt-rettenbach.de\/wp-content\/uploads\/2025\/09\/Bergmesse-1-472x1024.jpg\" class=\"attachment-large size-large wp-image-15210\" alt=\"\" srcset=\"https:\/\/pg-markt-rettenbach.de\/wp-content\/uploads\/2025\/09\/Bergmesse-1-472x1024.jpg 472w, https:\/\/pg-markt-rettenbach.de\/wp-content\/uploads\/2025\/09\/Bergmesse-1-138x300.jpg 138w, https:\/\/pg-markt-rettenbach.de\/wp-content\/uploads\/2025\/09\/Bergmesse-1.jpg 484w\" sizes=\"(max-width: 472px) 100vw, 472px\" \/>\t\t\t\t\t\t\t\t\t\t\t\t\t\t\t<\/div>\n\t\t\t\t<\/div>\n\t\t\t\t\t<\/div>\n\t\t<\/div>\n\t\t\t\t<div class=\"elementor-column elementor-col-33 elementor-top-column elementor-element elementor-element-cab1e45\" data-id=\"cab1e45\" data-element_type=\"column\" data-e-type=\"column\">\n\t\t\t<div class=\"elementor-widget-wrap elementor-element-populated\">\n\t\t\t\t\t\t<div class=\"elementor-element elementor-element-a4201bd elementor-widget elementor-widget-image\" data-id=\"a4201bd\" data-element_type=\"widget\" data-e-type=\"widget\" data-widget_type=\"image.default\">\n\t\t\t\t<div class=\"elementor-widget-container\">\n\t\t\t\t\t\t\t\t\t\t\t\t\t\t\t<img decoding=\"async\" width=\"471\" height=\"1024\" src=\"https:\/\/pg-markt-rettenbach.de\/wp-content\/uploads\/2025\/09\/Bergmesse-2-471x1024.jpg\" class=\"attachment-large size-large wp-image-15211\" alt=\"\" srcset=\"https:\/\/pg-markt-rettenbach.de\/wp-content\/uploads\/2025\/09\/Bergmesse-2-471x1024.jpg 471w, https:\/\/pg-markt-rettenbach.de\/wp-content\/uploads\/2025\/09\/Bergmesse-2-138x300.jpg 138w, https:\/\/pg-markt-rettenbach.de\/wp-content\/uploads\/2025\/09\/Bergmesse-2.jpg 482w\" sizes=\"(max-width: 471px) 100vw, 471px\" \/>\t\t\t\t\t\t\t\t\t\t\t\t\t\t\t<\/div>\n\t\t\t\t<\/div>\n\t\t\t\t\t<\/div>\n\t\t<\/div>\n\t\t\t\t<div class=\"elementor-column elementor-col-33 elementor-top-column elementor-element elementor-element-1391dc0\" data-id=\"1391dc0\" data-element_type=\"column\" data-e-type=\"column\">\n\t\t\t<div class=\"elementor-widget-wrap elementor-element-populated\">\n\t\t\t\t\t\t<div class=\"elementor-element elementor-element-60db5df elementor-widget elementor-widget-image\" data-id=\"60db5df\" data-element_type=\"widget\" data-e-type=\"widget\" data-widget_type=\"image.default\">\n\t\t\t\t<div class=\"elementor-widget-container\">\n\t\t\t\t\t\t\t\t\t\t\t\t\t\t\t<img loading=\"lazy\" decoding=\"async\" width=\"471\" height=\"1024\" src=\"https:\/\/pg-markt-rettenbach.de\/wp-content\/uploads\/2025\/09\/Bergmesse-3-471x1024.jpg\" class=\"attachment-large size-large wp-image-15212\" alt=\"\" srcset=\"https:\/\/pg-markt-rettenbach.de\/wp-content\/uploads\/2025\/09\/Bergmesse-3-471x1024.jpg 471w, https:\/\/pg-markt-rettenbach.de\/wp-content\/uploads\/2025\/09\/Bergmesse-3-138x300.jpg 138w, https:\/\/pg-markt-rettenbach.de\/wp-content\/uploads\/2025\/09\/Bergmesse-3.jpg 483w\" sizes=\"(max-width: 471px) 100vw, 471px\" \/>\t\t\t\t\t\t\t\t\t\t\t\t\t\t\t<\/div>\n\t\t\t\t<\/div>\n\t\t\t\t\t<\/div>\n\t\t<\/div>\n\t\t\t\t\t<\/div>\n\t\t<\/section>\n\t\t\t\t<section class=\"elementor-section elementor-top-section elementor-element elementor-element-bbacc30 elementor-section-boxed elementor-section-height-default elementor-section-height-default\" data-id=\"bbacc30\" data-element_type=\"section\" data-e-type=\"section\">\n\t\t\t\t\t\t<div class=\"elementor-container elementor-column-gap-default\">\n\t\t\t\t\t<div class=\"elementor-column elementor-col-100 elementor-top-column elementor-element elementor-element-31c5063\" data-id=\"31c5063\" data-element_type=\"column\" data-e-type=\"column\">\n\t\t\t<div class=\"elementor-widget-wrap elementor-element-populated\">\n\t\t\t\t\t\t<div class=\"elementor-element elementor-element-e14c1fc elementor-widget elementor-widget-text-editor\" data-id=\"e14c1fc\" data-element_type=\"widget\" data-e-type=\"widget\" data-widget_type=\"text-editor.default\">\n\t\t\t\t<div class=\"elementor-widget-container\">\n\t\t\t\t\t\t\t\t\t<p><em>Nach der Bergmesse lohnte sich der Aufstieg auf den Iseler, wo sich ein atemberaubendes Panorama bestaunen lie\u00df (Fotos: Guido Beck):<\/em><\/p>\t\t\t\t\t\t\t\t<\/div>\n\t\t\t\t<\/div>\n\t\t\t\t\t<\/div>\n\t\t<\/div>\n\t\t\t\t\t<\/div>\n\t\t<\/section>\n\t\t\t\t<section class=\"elementor-section elementor-top-section elementor-element elementor-element-d42d2a0 elementor-section-boxed elementor-section-height-default elementor-section-height-default\" data-id=\"d42d2a0\" data-element_type=\"section\" data-e-type=\"section\">\n\t\t\t\t\t\t<div class=\"elementor-container elementor-column-gap-default\">\n\t\t\t\t\t<div class=\"elementor-column elementor-col-50 elementor-top-column elementor-element elementor-element-db1eddd\" data-id=\"db1eddd\" data-element_type=\"column\" data-e-type=\"column\">\n\t\t\t<div class=\"elementor-widget-wrap elementor-element-populated\">\n\t\t\t\t\t\t<div class=\"elementor-element elementor-element-9fc10bf elementor-widget elementor-widget-image\" data-id=\"9fc10bf\" data-element_type=\"widget\" data-e-type=\"widget\" data-widget_type=\"image.default\">\n\t\t\t\t<div class=\"elementor-widget-container\">\n\t\t\t\t\t\t\t\t\t\t\t\t\t\t\t<img loading=\"lazy\" decoding=\"async\" width=\"800\" height=\"370\" src=\"https:\/\/pg-markt-rettenbach.de\/wp-content\/uploads\/2025\/09\/Bergmesse-4-1024x473.jpg\" class=\"attachment-large size-large wp-image-15213\" alt=\"\" srcset=\"https:\/\/pg-markt-rettenbach.de\/wp-content\/uploads\/2025\/09\/Bergmesse-4-1024x473.jpg 1024w, https:\/\/pg-markt-rettenbach.de\/wp-content\/uploads\/2025\/09\/Bergmesse-4-300x139.jpg 300w, https:\/\/pg-markt-rettenbach.de\/wp-content\/uploads\/2025\/09\/Bergmesse-4-768x355.jpg 768w, https:\/\/pg-markt-rettenbach.de\/wp-content\/uploads\/2025\/09\/Bergmesse-4-1536x709.jpg 1536w, https:\/\/pg-markt-rettenbach.de\/wp-content\/uploads\/2025\/09\/Bergmesse-4.jpg 1854w\" sizes=\"(max-width: 800px) 100vw, 800px\" \/>\t\t\t\t\t\t\t\t\t\t\t\t\t\t\t<\/div>\n\t\t\t\t<\/div>\n\t\t\t\t<div class=\"elementor-element elementor-element-6bd4941 elementor-widget elementor-widget-text-editor\" data-id=\"6bd4941\" data-element_type=\"widget\" data-e-type=\"widget\" data-widget_type=\"text-editor.default\">\n\t\t\t\t<div class=\"elementor-widget-container\">\n\t\t\t\t\t\t\t\t\t<p><em>Blick Richtung Hochvogel und Gro\u00dfer Daumen<\/em><\/p>\t\t\t\t\t\t\t\t<\/div>\n\t\t\t\t<\/div>\n\t\t\t\t\t<\/div>\n\t\t<\/div>\n\t\t\t\t<div class=\"elementor-column elementor-col-50 elementor-top-column elementor-element elementor-element-a26afdd\" data-id=\"a26afdd\" data-element_type=\"column\" data-e-type=\"column\">\n\t\t\t<div class=\"elementor-widget-wrap elementor-element-populated\">\n\t\t\t\t\t\t<div class=\"elementor-element elementor-element-2410aed elementor-widget elementor-widget-image\" data-id=\"2410aed\" data-element_type=\"widget\" data-e-type=\"widget\" data-widget_type=\"image.default\">\n\t\t\t\t<div class=\"elementor-widget-container\">\n\t\t\t\t\t\t\t\t\t\t\t\t\t\t\t<img loading=\"lazy\" decoding=\"async\" width=\"800\" height=\"370\" src=\"https:\/\/pg-markt-rettenbach.de\/wp-content\/uploads\/2025\/09\/Bergmesse-5-1024x474.jpg\" class=\"attachment-large size-large wp-image-15214\" alt=\"\" srcset=\"https:\/\/pg-markt-rettenbach.de\/wp-content\/uploads\/2025\/09\/Bergmesse-5-1024x474.jpg 1024w, https:\/\/pg-markt-rettenbach.de\/wp-content\/uploads\/2025\/09\/Bergmesse-5-300x139.jpg 300w, https:\/\/pg-markt-rettenbach.de\/wp-content\/uploads\/2025\/09\/Bergmesse-5-768x355.jpg 768w, https:\/\/pg-markt-rettenbach.de\/wp-content\/uploads\/2025\/09\/Bergmesse-5-1536x710.jpg 1536w, https:\/\/pg-markt-rettenbach.de\/wp-content\/uploads\/2025\/09\/Bergmesse-5.jpg 1853w\" sizes=\"(max-width: 800px) 100vw, 800px\" \/>\t\t\t\t\t\t\t\t\t\t\t\t\t\t\t<\/div>\n\t\t\t\t<\/div>\n\t\t\t\t<div class=\"elementor-element elementor-element-cd34afa elementor-widget elementor-widget-text-editor\" data-id=\"cd34afa\" data-element_type=\"widget\" data-e-type=\"widget\" data-widget_type=\"text-editor.default\">\n\t\t\t\t<div class=\"elementor-widget-container\">\n\t\t\t\t\t\t\t\t\t<p><em>Tiefblick zur Vorderen Wiedhagalpe und Richtung Unterjoch<\/em><\/p>\t\t\t\t\t\t\t\t<\/div>\n\t\t\t\t<\/div>\n\t\t\t\t\t<\/div>\n\t\t<\/div>\n\t\t\t\t\t<\/div>\n\t\t<\/section>\n\t\t\t\t<section class=\"elementor-section elementor-top-section elementor-element elementor-element-a835b08 elementor-section-boxed elementor-section-height-default elementor-section-height-default\" data-id=\"a835b08\" data-element_type=\"section\" data-e-type=\"section\">\n\t\t\t\t\t\t<div class=\"elementor-container elementor-column-gap-default\">\n\t\t\t\t\t<div class=\"elementor-column elementor-col-100 elementor-top-column elementor-element elementor-element-55e70ac\" data-id=\"55e70ac\" data-element_type=\"column\" data-e-type=\"column\">\n\t\t\t<div class=\"elementor-widget-wrap elementor-element-populated\">\n\t\t\t\t\t\t<div class=\"elementor-element elementor-element-cd9634b elementor-widget elementor-widget-spacer\" data-id=\"cd9634b\" data-element_type=\"widget\" data-e-type=\"widget\" data-widget_type=\"spacer.default\">\n\t\t\t\t<div class=\"elementor-widget-container\">\n\t\t\t\t\t\t\t<div class=\"elementor-spacer\">\n\t\t\t<div class=\"elementor-spacer-inner\"><\/div>\n\t\t<\/div>\n\t\t\t\t\t\t<\/div>\n\t\t\t\t<\/div>\n\t\t\t\t\t<\/div>\n\t\t<\/div>\n\t\t\t\t\t<\/div>\n\t\t<\/section>\n\t\t\t\t<\/div>\n\t\t","protected":false},"excerpt":{"rendered":"<p>Bergmesse mit St\u00e4rkung f\u00fcr Leib und Seele Bei strahlendem Sonnenschein feierten viele Gl\u00e4ubige aus Markt Rettenbach und weit dar\u00fcber hinaus die diesj\u00e4hrige Bergmesse der Pfarreiengemeinschaft am Oberjoch. W\u00e4hrend die Andacht [&hellip;]<\/p>\n","protected":false},"author":1,"featured_media":15209,"comment_status":"closed","ping_status":"open","sticky":false,"template":"","format":"standard","meta":{"_EventAllDay":false,"_EventTimezone":"","_EventStartDate":"","_EventEndDate":"","_EventStartDateUTC":"","_EventEndDateUTC":"","_EventShowMap":false,"_EventShowMapLink":false,"_EventURL":"","_EventCost":"","_EventCostDescription":"","_EventCurrencySymbol":"","_EventCurrencyCode":"","_EventCurrencyPosition":"","_EventDateTimeSeparator":"","_EventTimeRangeSeparator":"","_EventOrganizerID":[],"_EventVenueID":[],"_OrganizerEmail":"","_OrganizerPhone":"","_OrganizerWebsite":"","_VenueAddress":"","_VenueCity":"","_VenueCountry":"","_VenueProvince":"","_VenueState":"","_VenueZip":"","_VenuePhone":"","_VenueURL":"","_VenueStateProvince":"","_VenueLat":"","_VenueLng":"","_VenueShowMap":false,"_VenueShowMapLink":false,"footnotes":""},"categories":[4],"tags":[],"class_list":["post-15208","post","type-post","status-publish","format-standard","has-post-thumbnail","hentry","category-aktuelles"],"_links":{"self":[{"href":"https:\/\/pg-markt-rettenbach.de\/startseite\/wp-json\/wp\/v2\/posts\/15208","targetHints":{"allow":["GET"]}}],"collection":[{"href":"https:\/\/pg-markt-rettenbach.de\/startseite\/wp-json\/wp\/v2\/posts"}],"about":[{"href":"https:\/\/pg-markt-rettenbach.de\/startseite\/wp-json\/wp\/v2\/types\/post"}],"author":[{"embeddable":true,"href":"https:\/\/pg-markt-rettenbach.de\/startseite\/wp-json\/wp\/v2\/users\/1"}],"replies":[{"embeddable":true,"href":"https:\/\/pg-markt-rettenbach.de\/startseite\/wp-json\/wp\/v2\/comments?post=15208"}],"version-history":[{"count":10,"href":"https:\/\/pg-markt-rettenbach.de\/startseite\/wp-json\/wp\/v2\/posts\/15208\/revisions"}],"predecessor-version":[{"id":15256,"href":"https:\/\/pg-markt-rettenbach.de\/startseite\/wp-json\/wp\/v2\/posts\/15208\/revisions\/15256"}],"wp:featuredmedia":[{"embeddable":true,"href":"https:\/\/pg-markt-rettenbach.de\/startseite\/wp-json\/wp\/v2\/media\/15209"}],"wp:attachment":[{"href":"https:\/\/pg-markt-rettenbach.de\/startseite\/wp-json\/wp\/v2\/media?parent=15208"}],"wp:term":[{"taxonomy":"category","embeddable":true,"href":"https:\/\/pg-markt-rettenbach.de\/startseite\/wp-json\/wp\/v2\/categories?post=15208"},{"taxonomy":"post_tag","embeddable":true,"href":"https:\/\/pg-markt-rettenbach.de\/startseite\/wp-json\/wp\/v2\/tags?post=15208"}],"curies":[{"name":"wp","href":"https:\/\/api.w.org\/{rel}","templated":true}]}}