{"id":16405,"date":"2026-03-02T09:22:20","date_gmt":"2026-03-02T08:22:20","guid":{"rendered":"https:\/\/pg-markt-rettenbach.de\/startseite\/?p=16405"},"modified":"2026-03-03T08:57:56","modified_gmt":"2026-03-03T07:57:56","slug":"minifussball-2026","status":"publish","type":"post","link":"https:\/\/pg-markt-rettenbach.de\/startseite\/2026\/03\/02\/minifussball-2026\/","title":{"rendered":"Minifu\u00dfball 2026"},"content":{"rendered":"\t\t<div data-elementor-type=\"wp-post\" data-elementor-id=\"16405\" class=\"elementor elementor-16405\" data-elementor-post-type=\"post\">\n\t\t\t\t\t\t<section class=\"elementor-section elementor-top-section elementor-element elementor-element-381d63b elementor-section-boxed elementor-section-height-default elementor-section-height-default\" data-id=\"381d63b\" data-element_type=\"section\" data-e-type=\"section\">\n\t\t\t\t\t\t<div class=\"elementor-container elementor-column-gap-default\">\n\t\t\t\t\t<div class=\"elementor-column elementor-col-100 elementor-top-column elementor-element elementor-element-0d78ef8\" data-id=\"0d78ef8\" data-element_type=\"column\" data-e-type=\"column\">\n\t\t\t<div class=\"elementor-widget-wrap elementor-element-populated\">\n\t\t\t\t\t\t<div class=\"elementor-element elementor-element-62d6437 elementor-widget elementor-widget-heading\" data-id=\"62d6437\" data-element_type=\"widget\" data-e-type=\"widget\" data-widget_type=\"heading.default\">\n\t\t\t\t<div class=\"elementor-widget-container\">\n\t\t\t\t\t<h2 class=\"elementor-heading-title elementor-size-default\">Dekanatsturnier: unsere Minis auf Platz 3<\/h2>\t\t\t\t<\/div>\n\t\t\t\t<\/div>\n\t\t\t\t\t<\/div>\n\t\t<\/div>\n\t\t\t\t\t<\/div>\n\t\t<\/section>\n\t\t\t\t<section class=\"elementor-section elementor-top-section elementor-element elementor-element-d225dba elementor-section-boxed elementor-section-height-default elementor-section-height-default\" data-id=\"d225dba\" data-element_type=\"section\" data-e-type=\"section\">\n\t\t\t\t\t\t<div class=\"elementor-container elementor-column-gap-default\">\n\t\t\t\t\t<div class=\"elementor-column elementor-col-100 elementor-top-column elementor-element elementor-element-9d8542c\" data-id=\"9d8542c\" data-element_type=\"column\" data-e-type=\"column\">\n\t\t\t<div class=\"elementor-widget-wrap elementor-element-populated\">\n\t\t\t\t\t\t<div class=\"elementor-element elementor-element-b3a51ac elementor-widget elementor-widget-image\" data-id=\"b3a51ac\" data-element_type=\"widget\" data-e-type=\"widget\" data-widget_type=\"image.default\">\n\t\t\t\t<div class=\"elementor-widget-container\">\n\t\t\t\t\t\t\t\t\t\t\t\t\t\t\t<img fetchpriority=\"high\" decoding=\"async\" width=\"1536\" height=\"864\" src=\"https:\/\/pg-markt-rettenbach.de\/wp-content\/uploads\/2026\/03\/2026-Minifussball-1536x864.jpg\" class=\"attachment-1536x1536 size-1536x1536 wp-image-16423\" alt=\"\" srcset=\"https:\/\/pg-markt-rettenbach.de\/wp-content\/uploads\/2026\/03\/2026-Minifussball-1536x864.jpg 1536w, https:\/\/pg-markt-rettenbach.de\/wp-content\/uploads\/2026\/03\/2026-Minifussball-300x169.jpg 300w, https:\/\/pg-markt-rettenbach.de\/wp-content\/uploads\/2026\/03\/2026-Minifussball-1024x576.jpg 1024w, https:\/\/pg-markt-rettenbach.de\/wp-content\/uploads\/2026\/03\/2026-Minifussball-768x432.jpg 768w, https:\/\/pg-markt-rettenbach.de\/wp-content\/uploads\/2026\/03\/2026-Minifussball.jpg 1848w\" sizes=\"(max-width: 1536px) 100vw, 1536px\" \/>\t\t\t\t\t\t\t\t\t\t\t\t\t\t\t<\/div>\n\t\t\t\t<\/div>\n\t\t\t\t<div class=\"elementor-element elementor-element-82b7817 elementor-widget elementor-widget-text-editor\" data-id=\"82b7817\" data-element_type=\"widget\" data-e-type=\"widget\" data-widget_type=\"text-editor.default\">\n\t\t\t\t<div class=\"elementor-widget-container\">\n\t\t\t\t\t\t\t\t\t<p><em>Unsere Ministranten traten beim diesj\u00e4hrigen Dekanats-Fu\u00dfballturnier mit drei Mannschaften an. Foto: Andreas Zinsler<\/em><\/p>\t\t\t\t\t\t\t\t<\/div>\n\t\t\t\t<\/div>\n\t\t\t\t\t<\/div>\n\t\t<\/div>\n\t\t\t\t\t<\/div>\n\t\t<\/section>\n\t\t\t\t<section class=\"elementor-section elementor-top-section elementor-element elementor-element-70b7875 elementor-section-boxed elementor-section-height-default elementor-section-height-default\" data-id=\"70b7875\" data-element_type=\"section\" data-e-type=\"section\">\n\t\t\t\t\t\t<div class=\"elementor-container elementor-column-gap-default\">\n\t\t\t\t\t<div class=\"elementor-column elementor-col-100 elementor-top-column elementor-element elementor-element-1842d2b\" data-id=\"1842d2b\" data-element_type=\"column\" data-e-type=\"column\">\n\t\t\t<div class=\"elementor-widget-wrap elementor-element-populated\">\n\t\t\t\t\t\t<div class=\"elementor-element elementor-element-1759739 elementor-widget elementor-widget-text-editor\" data-id=\"1759739\" data-element_type=\"widget\" data-e-type=\"widget\" data-widget_type=\"text-editor.default\">\n\t\t\t\t<div class=\"elementor-widget-container\">\n\t\t\t\t\t\t\t\t\t<p>Wie jedes Jahr veranstaltete die katholische Jugendstelle Memmingen auch heuer wieder ein Fu\u00dfballturnier f\u00fcr die Ministranten der Dekanate Memmingen und Mindelheim. Insgesamt nahmen 38 Mannschaften in den drei Klassen &#8222;Juniorcup&#8220;, &#8222;M\u00e4dchencup&#8220; und &#8222;Seniorcup&#8220; teil. Unsere Pfarreiengemeinschaft war mit drei Teams vertreten, die sich mit gro\u00dfer Begeisterung ans Fu\u00dfballspielen machten. Im &#8222;Juniorcup&#8220; erreichten unsere Minis unter 18 teilnehmenden Mannschaften die Pl\u00e4tze 12 und 14. F\u00fcr diese Spielklasse gilt eine Altersbeschr\u00e4nkung auf maximal 14 Jahre. Weil bei unseren Teams teilweise viel j\u00fcngere Spieler als in anderen Mannschaften aufliefen, ist das Abschneiden als sch\u00f6ner Erfolg zu werten. Als Anerkennung gab es eine Urkunde und eine s\u00fc\u00dfe &#8222;Wegzehrung&#8220;.<\/p><p>Tollen Fu\u00dfball boten unsere gro\u00dfen Minis im &#8222;Seniorcup&#8220;, der f\u00fcr Jugendliche im Alter von 15 bis 27 gedacht ist. Gegen die &#8222;Profis&#8220; aus Ottobeuren konnten wir in der Vorrunde noch gewinnen, im Halbfinale dagegen kam eine ungl\u00fcckliche und knappe Niederlage gegen den sp\u00e4teren Turniersieger zustande. Am Ende sprang nach einem deutlichen Sieg \u00fcber die Minis aus Boos im Spiel um Platz 3 doch noch ein Platz auf dem Siegertreppchen heraus. Bei der Siegerehrung bekamen unsere Fu\u00dfballer eine Urkunde, Siegermedaillen und eine S\u00fc\u00dfigkeit \u00fcberreicht. Herzlichen Gl\u00fcckwunsch an unsere Minifu\u00dfballmannschaft aus der PG Markt Rettenbach!<\/p>\t\t\t\t\t\t\t\t<\/div>\n\t\t\t\t<\/div>\n\t\t\t\t\t<\/div>\n\t\t<\/div>\n\t\t\t\t\t<\/div>\n\t\t<\/section>\n\t\t\t\t<section class=\"elementor-section elementor-top-section elementor-element elementor-element-a50440d elementor-section-boxed elementor-section-height-default elementor-section-height-default\" data-id=\"a50440d\" data-element_type=\"section\" data-e-type=\"section\">\n\t\t\t\t\t\t<div class=\"elementor-container elementor-column-gap-default\">\n\t\t\t\t\t<div class=\"elementor-column elementor-col-50 elementor-top-column elementor-element elementor-element-9a99626\" data-id=\"9a99626\" data-element_type=\"column\" data-e-type=\"column\">\n\t\t\t<div class=\"elementor-widget-wrap elementor-element-populated\">\n\t\t\t\t\t\t<div class=\"elementor-element elementor-element-d421cf1 elementor-widget elementor-widget-image\" data-id=\"d421cf1\" data-element_type=\"widget\" data-e-type=\"widget\" data-widget_type=\"image.default\">\n\t\t\t\t<div class=\"elementor-widget-container\">\n\t\t\t\t\t\t\t\t\t\t\t\t\t\t\t<img decoding=\"async\" width=\"800\" height=\"842\" src=\"https:\/\/pg-markt-rettenbach.de\/wp-content\/uploads\/2026\/03\/2026-Minifussball-1-973x1024.jpg\" class=\"attachment-large size-large wp-image-16403\" alt=\"\" srcset=\"https:\/\/pg-markt-rettenbach.de\/wp-content\/uploads\/2026\/03\/2026-Minifussball-1-973x1024.jpg 973w, https:\/\/pg-markt-rettenbach.de\/wp-content\/uploads\/2026\/03\/2026-Minifussball-1-285x300.jpg 285w, https:\/\/pg-markt-rettenbach.de\/wp-content\/uploads\/2026\/03\/2026-Minifussball-1-768x808.jpg 768w, https:\/\/pg-markt-rettenbach.de\/wp-content\/uploads\/2026\/03\/2026-Minifussball-1.jpg 983w\" sizes=\"(max-width: 800px) 100vw, 800px\" \/>\t\t\t\t\t\t\t\t\t\t\t\t\t\t\t<\/div>\n\t\t\t\t<\/div>\n\t\t\t\t<div class=\"elementor-element elementor-element-19a6afe elementor-widget elementor-widget-text-editor\" data-id=\"19a6afe\" data-element_type=\"widget\" data-e-type=\"widget\" data-widget_type=\"text-editor.default\">\n\t\t\t\t<div class=\"elementor-widget-container\">\n\t\t\t\t\t\t\t\t\t<p><em>Unser Team auf dem Siegertreppchen. Foto: Guido Beck<\/em><\/p>\t\t\t\t\t\t\t\t<\/div>\n\t\t\t\t<\/div>\n\t\t\t\t\t<\/div>\n\t\t<\/div>\n\t\t\t\t<div class=\"elementor-column elementor-col-50 elementor-top-column elementor-element elementor-element-04ee501\" data-id=\"04ee501\" data-element_type=\"column\" data-e-type=\"column\">\n\t\t\t<div class=\"elementor-widget-wrap elementor-element-populated\">\n\t\t\t\t\t\t<div class=\"elementor-element elementor-element-a166663 elementor-widget elementor-widget-image\" data-id=\"a166663\" data-element_type=\"widget\" data-e-type=\"widget\" data-widget_type=\"image.default\">\n\t\t\t\t<div class=\"elementor-widget-container\">\n\t\t\t\t\t\t\t\t\t\t\t\t\t\t\t<img decoding=\"async\" width=\"799\" height=\"856\" src=\"https:\/\/pg-markt-rettenbach.de\/wp-content\/uploads\/2026\/03\/2026-Miniussball-2.jpg\" class=\"attachment-large size-large wp-image-16404\" alt=\"\" srcset=\"https:\/\/pg-markt-rettenbach.de\/wp-content\/uploads\/2026\/03\/2026-Miniussball-2.jpg 799w, https:\/\/pg-markt-rettenbach.de\/wp-content\/uploads\/2026\/03\/2026-Miniussball-2-280x300.jpg 280w, https:\/\/pg-markt-rettenbach.de\/wp-content\/uploads\/2026\/03\/2026-Miniussball-2-768x823.jpg 768w\" sizes=\"(max-width: 799px) 100vw, 799px\" \/>\t\t\t\t\t\t\t\t\t\t\t\t\t\t\t<\/div>\n\t\t\t\t<\/div>\n\t\t\t\t<div class=\"elementor-element elementor-element-8ae977a elementor-widget elementor-widget-text-editor\" data-id=\"8ae977a\" data-element_type=\"widget\" data-e-type=\"widget\" data-widget_type=\"text-editor.default\">\n\t\t\t\t<div class=\"elementor-widget-container\">\n\t\t\t\t\t\t\t\t\t<p><em>Mannschaftsfoto in den Fu\u00dfballtrikots der B-Jugend. Foto: Guido Beck<\/em><\/p>\t\t\t\t\t\t\t\t<\/div>\n\t\t\t\t<\/div>\n\t\t\t\t\t<\/div>\n\t\t<\/div>\n\t\t\t\t\t<\/div>\n\t\t<\/section>\n\t\t\t\t<section class=\"elementor-section elementor-top-section elementor-element elementor-element-81c4b73 elementor-section-boxed elementor-section-height-default elementor-section-height-default\" data-id=\"81c4b73\" data-element_type=\"section\" data-e-type=\"section\">\n\t\t\t\t\t\t<div class=\"elementor-container elementor-column-gap-default\">\n\t\t\t\t\t<div class=\"elementor-column elementor-col-100 elementor-top-column elementor-element elementor-element-214bf09\" data-id=\"214bf09\" data-element_type=\"column\" data-e-type=\"column\">\n\t\t\t<div class=\"elementor-widget-wrap elementor-element-populated\">\n\t\t\t\t\t\t<div class=\"elementor-element elementor-element-21d6d48 elementor-widget elementor-widget-spacer\" data-id=\"21d6d48\" data-element_type=\"widget\" data-e-type=\"widget\" data-widget_type=\"spacer.default\">\n\t\t\t\t<div class=\"elementor-widget-container\">\n\t\t\t\t\t\t\t<div class=\"elementor-spacer\">\n\t\t\t<div class=\"elementor-spacer-inner\"><\/div>\n\t\t<\/div>\n\t\t\t\t\t\t<\/div>\n\t\t\t\t<\/div>\n\t\t\t\t\t<\/div>\n\t\t<\/div>\n\t\t\t\t\t<\/div>\n\t\t<\/section>\n\t\t\t\t<\/div>\n\t\t","protected":false},"excerpt":{"rendered":"<p>Dekanatsturnier: unsere Minis auf Platz 3 Unsere Ministranten traten beim diesj\u00e4hrigen Dekanats-Fu\u00dfballturnier mit drei Mannschaften an. Foto: Andreas Zinsler Wie jedes Jahr veranstaltete die katholische Jugendstelle Memmingen auch heuer wieder [&hellip;]<\/p>\n","protected":false},"author":1,"featured_media":16423,"comment_status":"closed","ping_status":"open","sticky":false,"template":"","format":"standard","meta":{"_EventAllDay":false,"_EventTimezone":"","_EventStartDate":"","_EventEndDate":"","_EventStartDateUTC":"","_EventEndDateUTC":"","_EventShowMap":false,"_EventShowMapLink":false,"_EventURL":"","_EventCost":"","_EventCostDescription":"","_EventCurrencySymbol":"","_EventCurrencyCode":"","_EventCurrencyPosition":"","_EventDateTimeSeparator":"","_EventTimeRangeSeparator":"","_EventOrganizerID":[],"_EventVenueID":[],"_OrganizerEmail":"","_OrganizerPhone":"","_OrganizerWebsite":"","_VenueAddress":"","_VenueCity":"","_VenueCountry":"","_VenueProvince":"","_VenueState":"","_VenueZip":"","_VenuePhone":"","_VenueURL":"","_VenueStateProvince":"","_VenueLat":"","_VenueLng":"","_VenueShowMap":false,"_VenueShowMapLink":false,"footnotes":""},"categories":[4],"tags":[],"class_list":["post-16405","post","type-post","status-publish","format-standard","has-post-thumbnail","hentry","category-aktuelles"],"_links":{"self":[{"href":"https:\/\/pg-markt-rettenbach.de\/startseite\/wp-json\/wp\/v2\/posts\/16405","targetHints":{"allow":["GET"]}}],"collection":[{"href":"https:\/\/pg-markt-rettenbach.de\/startseite\/wp-json\/wp\/v2\/posts"}],"about":[{"href":"https:\/\/pg-markt-rettenbach.de\/startseite\/wp-json\/wp\/v2\/types\/post"}],"author":[{"embeddable":true,"href":"https:\/\/pg-markt-rettenbach.de\/startseite\/wp-json\/wp\/v2\/users\/1"}],"replies":[{"embeddable":true,"href":"https:\/\/pg-markt-rettenbach.de\/startseite\/wp-json\/wp\/v2\/comments?post=16405"}],"version-history":[{"count":10,"href":"https:\/\/pg-markt-rettenbach.de\/startseite\/wp-json\/wp\/v2\/posts\/16405\/revisions"}],"predecessor-version":[{"id":16427,"href":"https:\/\/pg-markt-rettenbach.de\/startseite\/wp-json\/wp\/v2\/posts\/16405\/revisions\/16427"}],"wp:featuredmedia":[{"embeddable":true,"href":"https:\/\/pg-markt-rettenbach.de\/startseite\/wp-json\/wp\/v2\/media\/16423"}],"wp:attachment":[{"href":"https:\/\/pg-markt-rettenbach.de\/startseite\/wp-json\/wp\/v2\/media?parent=16405"}],"wp:term":[{"taxonomy":"category","embeddable":true,"href":"https:\/\/pg-markt-rettenbach.de\/startseite\/wp-json\/wp\/v2\/categories?post=16405"},{"taxonomy":"post_tag","embeddable":true,"href":"https:\/\/pg-markt-rettenbach.de\/startseite\/wp-json\/wp\/v2\/tags?post=16405"}],"curies":[{"name":"wp","href":"https:\/\/api.w.org\/{rel}","templated":true}]}}