{"id":17573,"date":"2026-08-31T11:31:44","date_gmt":"2026-08-31T09:31:44","guid":{"rendered":"https:\/\/pg-markt-rettenbach.de\/startseite\/?p=17573"},"modified":"2026-08-31T11:49:54","modified_gmt":"2026-08-31T09:49:54","slug":"vorzeichen-in-markt-rettenbach-notsicherung-laeuft","status":"publish","type":"post","link":"https:\/\/pg-markt-rettenbach.de\/startseite\/2026\/08\/31\/vorzeichen-in-markt-rettenbach-notsicherung-laeuft\/","title":{"rendered":"Vorzeichen in Markt Rettenbach \u2013 Notsicherung l\u00e4uft"},"content":{"rendered":"\t\t<div data-elementor-type=\"wp-post\" data-elementor-id=\"17573\" class=\"elementor elementor-17573\" data-elementor-post-type=\"post\">\n\t\t\t\t\t\t<section class=\"elementor-section elementor-top-section elementor-element elementor-element-15f1377 elementor-section-boxed elementor-section-height-default elementor-section-height-default\" data-id=\"15f1377\" data-element_type=\"section\" data-e-type=\"section\">\n\t\t\t\t\t\t<div class=\"elementor-container elementor-column-gap-default\">\n\t\t\t\t\t<div class=\"elementor-column elementor-col-100 elementor-top-column elementor-element elementor-element-0244175\" data-id=\"0244175\" data-element_type=\"column\" data-e-type=\"column\">\n\t\t\t<div class=\"elementor-widget-wrap elementor-element-populated\">\n\t\t\t\t\t\t<div class=\"elementor-element elementor-element-b43e035 elementor-widget elementor-widget-heading\" data-id=\"b43e035\" data-element_type=\"widget\" data-e-type=\"widget\" data-widget_type=\"heading.default\">\n\t\t\t\t<div class=\"elementor-widget-container\">\n\t\t\t\t\t<h2 class=\"elementor-heading-title elementor-size-default\">Vorzeichen in Markt Rettenbach - Notsicherung l\u00e4uft<\/h2>\t\t\t\t<\/div>\n\t\t\t\t<\/div>\n\t\t\t\t\t<\/div>\n\t\t<\/div>\n\t\t\t\t\t<\/div>\n\t\t<\/section>\n\t\t\t\t<section class=\"elementor-section elementor-top-section elementor-element elementor-element-989c4a0 elementor-section-boxed elementor-section-height-default elementor-section-height-default\" data-id=\"989c4a0\" data-element_type=\"section\" data-e-type=\"section\">\n\t\t\t\t\t\t<div class=\"elementor-container elementor-column-gap-default\">\n\t\t\t\t\t<div class=\"elementor-column elementor-col-100 elementor-top-column elementor-element elementor-element-50517f7\" data-id=\"50517f7\" data-element_type=\"column\" data-e-type=\"column\">\n\t\t\t<div class=\"elementor-widget-wrap elementor-element-populated\">\n\t\t\t\t\t\t<div class=\"elementor-element elementor-element-83ea2bd elementor-widget elementor-widget-text-editor\" data-id=\"83ea2bd\" data-element_type=\"widget\" data-e-type=\"widget\" data-widget_type=\"text-editor.default\">\n\t\t\t\t<div class=\"elementor-widget-container\">\n\t\t\t\t\t\t\t\t\t<p>Derzeit ist der Nordausgang an der Markt Rettenbacher Pfarrkirche gesperrt. Grund ist eine Absenkung des angebauten Vorzeichens. Dadurch lassen sich die T\u00fcren nicht mehr richtig \u00f6ffnen und der Putz br\u00f6ckelt von der Decke. Ausl\u00f6ser ist vermutlich die gro\u00dfe Trockenheit der vergangenen Wochen und Monate. Die Kirchenverwaltung versucht gerade, das Vorzeichen wieder \u201eins Lot zu bringen\u201c und zu stabilisieren. Wir danken der Firma Gregg, welche diese Arbeiten ausf\u00fchrt.<\/p>\t\t\t\t\t\t\t\t<\/div>\n\t\t\t\t<\/div>\n\t\t\t\t\t<\/div>\n\t\t<\/div>\n\t\t\t\t\t<\/div>\n\t\t<\/section>\n\t\t\t\t<section class=\"elementor-section elementor-top-section elementor-element elementor-element-7db78e9 elementor-section-boxed elementor-section-height-default elementor-section-height-default\" data-id=\"7db78e9\" data-element_type=\"section\" data-e-type=\"section\">\n\t\t\t\t\t\t<div class=\"elementor-container elementor-column-gap-default\">\n\t\t\t\t\t<div class=\"elementor-column elementor-col-100 elementor-top-column elementor-element elementor-element-f42b90c\" data-id=\"f42b90c\" data-element_type=\"column\" data-e-type=\"column\">\n\t\t\t<div class=\"elementor-widget-wrap elementor-element-populated\">\n\t\t\t\t\t\t<div class=\"elementor-element elementor-element-1646081 elementor-widget elementor-widget-image\" data-id=\"1646081\" data-element_type=\"widget\" data-e-type=\"widget\" data-widget_type=\"image.default\">\n\t\t\t\t<div class=\"elementor-widget-container\">\n\t\t\t\t\t\t\t\t\t\t\t\t\t\t\t<img fetchpriority=\"high\" decoding=\"async\" width=\"1536\" height=\"778\" src=\"https:\/\/pg-markt-rettenbach.de\/wp-content\/uploads\/2026\/08\/Vorzeichen-MR-1536x778.jpg\" class=\"attachment-1536x1536 size-1536x1536 wp-image-17575\" alt=\"\" srcset=\"https:\/\/pg-markt-rettenbach.de\/wp-content\/uploads\/2026\/08\/Vorzeichen-MR-1536x778.jpg 1536w, https:\/\/pg-markt-rettenbach.de\/wp-content\/uploads\/2026\/08\/Vorzeichen-MR-300x152.jpg 300w, https:\/\/pg-markt-rettenbach.de\/wp-content\/uploads\/2026\/08\/Vorzeichen-MR-1024x519.jpg 1024w, https:\/\/pg-markt-rettenbach.de\/wp-content\/uploads\/2026\/08\/Vorzeichen-MR-768x389.jpg 768w, https:\/\/pg-markt-rettenbach.de\/wp-content\/uploads\/2026\/08\/Vorzeichen-MR.jpg 1691w\" sizes=\"(max-width: 1536px) 100vw, 1536px\" \/>\t\t\t\t\t\t\t\t\t\t\t\t\t\t\t<\/div>\n\t\t\t\t<\/div>\n\t\t\t\t\t<\/div>\n\t\t<\/div>\n\t\t\t\t\t<\/div>\n\t\t<\/section>\n\t\t\t\t<section class=\"elementor-section elementor-top-section elementor-element elementor-element-2553734 elementor-section-boxed elementor-section-height-default elementor-section-height-default\" data-id=\"2553734\" data-element_type=\"section\" data-e-type=\"section\">\n\t\t\t\t\t\t<div class=\"elementor-container elementor-column-gap-default\">\n\t\t\t\t\t<div class=\"elementor-column elementor-col-100 elementor-top-column elementor-element elementor-element-c82f2cc\" data-id=\"c82f2cc\" data-element_type=\"column\" data-e-type=\"column\">\n\t\t\t<div class=\"elementor-widget-wrap elementor-element-populated\">\n\t\t\t\t\t\t<div class=\"elementor-element elementor-element-f634d17 elementor-widget elementor-widget-text-editor\" data-id=\"f634d17\" data-element_type=\"widget\" data-e-type=\"widget\" data-widget_type=\"text-editor.default\">\n\t\t\t\t<div class=\"elementor-widget-container\">\n\t\t\t\t\t\t\t\t\t<p><em>Der Bagger steht schon bereit f\u00fcr den Aushub. Bis das Vorzeichen notgesichert ist, bleibt das Nordportal allerdings gesperrt. Foto: Guido Beck<\/em><\/p>\t\t\t\t\t\t\t\t<\/div>\n\t\t\t\t<\/div>\n\t\t\t\t\t<\/div>\n\t\t<\/div>\n\t\t\t\t\t<\/div>\n\t\t<\/section>\n\t\t\t\t<section class=\"elementor-section elementor-top-section elementor-element elementor-element-ace60ba elementor-section-boxed elementor-section-height-default elementor-section-height-default\" data-id=\"ace60ba\" data-element_type=\"section\" data-e-type=\"section\">\n\t\t\t\t\t\t<div class=\"elementor-container elementor-column-gap-default\">\n\t\t\t\t\t<div class=\"elementor-column elementor-col-100 elementor-top-column elementor-element elementor-element-ec17fa1\" data-id=\"ec17fa1\" data-element_type=\"column\" data-e-type=\"column\">\n\t\t\t<div class=\"elementor-widget-wrap elementor-element-populated\">\n\t\t\t\t\t\t<div class=\"elementor-element elementor-element-3764a07 elementor-widget elementor-widget-spacer\" data-id=\"3764a07\" data-element_type=\"widget\" data-e-type=\"widget\" data-widget_type=\"spacer.default\">\n\t\t\t\t<div class=\"elementor-widget-container\">\n\t\t\t\t\t\t\t<div class=\"elementor-spacer\">\n\t\t\t<div class=\"elementor-spacer-inner\"><\/div>\n\t\t<\/div>\n\t\t\t\t\t\t<\/div>\n\t\t\t\t<\/div>\n\t\t\t\t\t<\/div>\n\t\t<\/div>\n\t\t\t\t\t<\/div>\n\t\t<\/section>\n\t\t\t\t<\/div>\n\t\t","protected":false},"excerpt":{"rendered":"<p>Vorzeichen in Markt Rettenbach &#8211; Notsicherung l\u00e4uft Derzeit ist der Nordausgang an der Markt Rettenbacher Pfarrkirche gesperrt. Grund ist eine Absenkung des angebauten Vorzeichens. Dadurch lassen sich die T\u00fcren nicht [&hellip;]<\/p>\n","protected":false},"author":1,"featured_media":17575,"comment_status":"closed","ping_status":"open","sticky":false,"template":"","format":"standard","meta":{"_EventAllDay":false,"_EventTimezone":"","_EventStartDate":"","_EventEndDate":"","_EventStartDateUTC":"","_EventEndDateUTC":"","_EventShowMap":false,"_EventShowMapLink":false,"_EventURL":"","_EventCost":"","_EventCostDescription":"","_EventCurrencySymbol":"","_EventCurrencyCode":"","_EventCurrencyPosition":"","_EventDateTimeSeparator":"","_EventTimeRangeSeparator":"","_EventOrganizerID":[],"_EventVenueID":[],"_OrganizerEmail":"","_OrganizerPhone":"","_OrganizerWebsite":"","_VenueAddress":"","_VenueCity":"","_VenueCountry":"","_VenueProvince":"","_VenueState":"","_VenueZip":"","_VenuePhone":"","_VenueURL":"","_VenueStateProvince":"","_VenueLat":"","_VenueLng":"","_VenueShowMap":false,"_VenueShowMapLink":false,"footnotes":""},"categories":[4],"tags":[],"class_list":["post-17573","post","type-post","status-publish","format-standard","has-post-thumbnail","hentry","category-aktuelles"],"_links":{"self":[{"href":"https:\/\/pg-markt-rettenbach.de\/startseite\/wp-json\/wp\/v2\/posts\/17573","targetHints":{"allow":["GET"]}}],"collection":[{"href":"https:\/\/pg-markt-rettenbach.de\/startseite\/wp-json\/wp\/v2\/posts"}],"about":[{"href":"https:\/\/pg-markt-rettenbach.de\/startseite\/wp-json\/wp\/v2\/types\/post"}],"author":[{"embeddable":true,"href":"https:\/\/pg-markt-rettenbach.de\/startseite\/wp-json\/wp\/v2\/users\/1"}],"replies":[{"embeddable":true,"href":"https:\/\/pg-markt-rettenbach.de\/startseite\/wp-json\/wp\/v2\/comments?post=17573"}],"version-history":[{"count":10,"href":"https:\/\/pg-markt-rettenbach.de\/startseite\/wp-json\/wp\/v2\/posts\/17573\/revisions"}],"predecessor-version":[{"id":17590,"href":"https:\/\/pg-markt-rettenbach.de\/startseite\/wp-json\/wp\/v2\/posts\/17573\/revisions\/17590"}],"wp:featuredmedia":[{"embeddable":true,"href":"https:\/\/pg-markt-rettenbach.de\/startseite\/wp-json\/wp\/v2\/media\/17575"}],"wp:attachment":[{"href":"https:\/\/pg-markt-rettenbach.de\/startseite\/wp-json\/wp\/v2\/media?parent=17573"}],"wp:term":[{"taxonomy":"category","embeddable":true,"href":"https:\/\/pg-markt-rettenbach.de\/startseite\/wp-json\/wp\/v2\/categories?post=17573"},{"taxonomy":"post_tag","embeddable":true,"href":"https:\/\/pg-markt-rettenbach.de\/startseite\/wp-json\/wp\/v2\/tags?post=17573"}],"curies":[{"name":"wp","href":"https:\/\/api.w.org\/{rel}","templated":true}]}}