{"id":9648,"date":"2024-03-12T11:57:08","date_gmt":"2024-03-12T10:57:08","guid":{"rendered":"https:\/\/pg-markt-rettenbach.de\/startseite\/?p=9648"},"modified":"2024-03-12T15:50:57","modified_gmt":"2024-03-12T14:50:57","slug":"ministrantenteam-schlaegt-sich-wacker-beim-bistumscup","status":"publish","type":"post","link":"https:\/\/pg-markt-rettenbach.de\/startseite\/2024\/03\/12\/ministrantenteam-schlaegt-sich-wacker-beim-bistumscup\/","title":{"rendered":"Ministrantenteam schl\u00e4gt sich wacker beim Bistumscup"},"content":{"rendered":"\t\t<div data-elementor-type=\"wp-post\" data-elementor-id=\"9648\" class=\"elementor elementor-9648\" data-elementor-post-type=\"post\">\n\t\t\t\t\t\t<section class=\"elementor-section elementor-top-section elementor-element elementor-element-7063258 elementor-section-boxed elementor-section-height-default elementor-section-height-default\" data-id=\"7063258\" data-element_type=\"section\" data-e-type=\"section\">\n\t\t\t\t\t\t<div class=\"elementor-container elementor-column-gap-default\">\n\t\t\t\t\t<div class=\"elementor-column elementor-col-100 elementor-top-column elementor-element elementor-element-8bc4747\" data-id=\"8bc4747\" data-element_type=\"column\" data-e-type=\"column\">\n\t\t\t<div class=\"elementor-widget-wrap elementor-element-populated\">\n\t\t\t\t\t\t<div class=\"elementor-element elementor-element-2153a59 elementor-widget elementor-widget-heading\" data-id=\"2153a59\" data-element_type=\"widget\" data-e-type=\"widget\" data-widget_type=\"heading.default\">\n\t\t\t\t<div class=\"elementor-widget-container\">\n\t\t\t\t\t<h2 class=\"elementor-heading-title elementor-size-default\">Ministrantenteam schl\u00e4gt sich wacker beim Bistumscup<\/h2>\t\t\t\t<\/div>\n\t\t\t\t<\/div>\n\t\t\t\t\t<\/div>\n\t\t<\/div>\n\t\t\t\t\t<\/div>\n\t\t<\/section>\n\t\t\t\t<section class=\"elementor-section elementor-top-section elementor-element elementor-element-e13c025 elementor-section-boxed elementor-section-height-default elementor-section-height-default\" data-id=\"e13c025\" data-element_type=\"section\" data-e-type=\"section\">\n\t\t\t\t\t\t<div class=\"elementor-container elementor-column-gap-default\">\n\t\t\t\t\t<div class=\"elementor-column elementor-col-100 elementor-top-column elementor-element elementor-element-3c4a03b\" data-id=\"3c4a03b\" data-element_type=\"column\" data-e-type=\"column\">\n\t\t\t<div class=\"elementor-widget-wrap elementor-element-populated\">\n\t\t\t\t\t\t<div class=\"elementor-element elementor-element-f05d09c elementor-widget elementor-widget-text-editor\" data-id=\"f05d09c\" data-element_type=\"widget\" data-e-type=\"widget\" data-widget_type=\"text-editor.default\">\n\t\t\t\t<div class=\"elementor-widget-container\">\n\t\t\t\t\t\t\t\t\t<p>F\u00fcr unsere Ministrantenfu\u00dfballer war es eine v\u00f6llig neue Erfahrung: Nachdem sie in einem spannenden Finale gegen Ottobeuren das Unterallg\u00e4uer Ministrantenfu\u00dfballturnier gewonnen hatten, waren sie automatisch f\u00fcr die Teilnahme am Di\u00f6zesancup qualifiziert. Dieser wurde am 9. M\u00e4rz im Westallg\u00e4uer Heimenkirch ausgetragen. Dort waren sie mit den Ministrantenteams aus Gro\u00dfk\u00f6tz, Opfenbach und Starnberg in einer Gruppe.\u00a0<\/p><p>Trotz guter fu\u00dfballerischer Leistung fehlte unseren Minis das erforderliche Qu\u00e4ntchen Gl\u00fcck, und den Einzug ins Halbfinale verpassten sie nur um Haaresbreite. So mussten sie sich mit Platz 5 von insgesamt 8 Mannschaften begn\u00fcgen. F\u00fcr das erste Mal Dabeisein im Di\u00f6zesancup dennoch ein tolles Ergebnis, zu dem wir ganz herzlich gratulieren.<\/p>\t\t\t\t\t\t\t\t<\/div>\n\t\t\t\t<\/div>\n\t\t\t\t\t<\/div>\n\t\t<\/div>\n\t\t\t\t\t<\/div>\n\t\t<\/section>\n\t\t\t\t<section class=\"elementor-section elementor-top-section elementor-element elementor-element-3e55915 elementor-section-boxed elementor-section-height-default elementor-section-height-default\" data-id=\"3e55915\" data-element_type=\"section\" data-e-type=\"section\">\n\t\t\t\t\t\t<div class=\"elementor-container elementor-column-gap-default\">\n\t\t\t\t\t<div class=\"elementor-column elementor-col-100 elementor-top-column elementor-element elementor-element-5ab8891\" data-id=\"5ab8891\" data-element_type=\"column\" data-e-type=\"column\">\n\t\t\t<div class=\"elementor-widget-wrap elementor-element-populated\">\n\t\t\t\t\t\t<div class=\"elementor-element elementor-element-83ed358 elementor-widget elementor-widget-image\" data-id=\"83ed358\" data-element_type=\"widget\" data-e-type=\"widget\" data-widget_type=\"image.default\">\n\t\t\t\t<div class=\"elementor-widget-container\">\n\t\t\t\t\t\t\t\t\t\t\t\t\t\t\t<img fetchpriority=\"high\" decoding=\"async\" width=\"1013\" height=\"755\" src=\"https:\/\/pg-markt-rettenbach.de\/wp-content\/uploads\/2024\/03\/Bistumscup.jpg\" class=\"attachment-1536x1536 size-1536x1536 wp-image-9650\" alt=\"\" srcset=\"https:\/\/pg-markt-rettenbach.de\/wp-content\/uploads\/2024\/03\/Bistumscup.jpg 1013w, https:\/\/pg-markt-rettenbach.de\/wp-content\/uploads\/2024\/03\/Bistumscup-300x224.jpg 300w, https:\/\/pg-markt-rettenbach.de\/wp-content\/uploads\/2024\/03\/Bistumscup-768x572.jpg 768w\" sizes=\"(max-width: 1013px) 100vw, 1013px\" \/>\t\t\t\t\t\t\t\t\t\t\t\t\t\t\t<\/div>\n\t\t\t\t<\/div>\n\t\t\t\t\t<\/div>\n\t\t<\/div>\n\t\t\t\t\t<\/div>\n\t\t<\/section>\n\t\t\t\t<section class=\"elementor-section elementor-top-section elementor-element elementor-element-e62f3dd elementor-section-boxed elementor-section-height-default elementor-section-height-default\" data-id=\"e62f3dd\" data-element_type=\"section\" data-e-type=\"section\">\n\t\t\t\t\t\t<div class=\"elementor-container elementor-column-gap-default\">\n\t\t\t\t\t<div class=\"elementor-column elementor-col-100 elementor-top-column elementor-element elementor-element-7bb6674\" data-id=\"7bb6674\" data-element_type=\"column\" data-e-type=\"column\">\n\t\t\t<div class=\"elementor-widget-wrap elementor-element-populated\">\n\t\t\t\t\t\t<div class=\"elementor-element elementor-element-6550fbf elementor-widget elementor-widget-text-editor\" data-id=\"6550fbf\" data-element_type=\"widget\" data-e-type=\"widget\" data-widget_type=\"text-editor.default\">\n\t\t\t\t<div class=\"elementor-widget-container\">\n\t\t\t\t\t\t\t\t\t<p>Unsere Markt Rettenbacher Ministranten in Zivil vor der Turnhalle in Heimenkirch<\/p>\t\t\t\t\t\t\t\t<\/div>\n\t\t\t\t<\/div>\n\t\t\t\t\t<\/div>\n\t\t<\/div>\n\t\t\t\t\t<\/div>\n\t\t<\/section>\n\t\t\t\t<\/div>\n\t\t","protected":false},"excerpt":{"rendered":"<p>Ministrantenteam schl\u00e4gt sich wacker beim Bistumscup F\u00fcr unsere Ministrantenfu\u00dfballer war es eine v\u00f6llig neue Erfahrung: Nachdem sie in einem spannenden Finale gegen Ottobeuren das Unterallg\u00e4uer Ministrantenfu\u00dfballturnier gewonnen hatten, waren sie [&hellip;]<\/p>\n","protected":false},"author":1,"featured_media":9650,"comment_status":"closed","ping_status":"open","sticky":false,"template":"","format":"standard","meta":{"_EventAllDay":false,"_EventTimezone":"","_EventStartDate":"","_EventEndDate":"","_EventStartDateUTC":"","_EventEndDateUTC":"","_EventShowMap":false,"_EventShowMapLink":false,"_EventURL":"","_EventCost":"","_EventCostDescription":"","_EventCurrencySymbol":"","_EventCurrencyCode":"","_EventCurrencyPosition":"","_EventDateTimeSeparator":"","_EventTimeRangeSeparator":"","_EventOrganizerID":[],"_EventVenueID":[],"_OrganizerEmail":"","_OrganizerPhone":"","_OrganizerWebsite":"","_VenueAddress":"","_VenueCity":"","_VenueCountry":"","_VenueProvince":"","_VenueState":"","_VenueZip":"","_VenuePhone":"","_VenueURL":"","_VenueStateProvince":"","_VenueLat":"","_VenueLng":"","_VenueShowMap":false,"_VenueShowMapLink":false,"footnotes":""},"categories":[4],"tags":[],"class_list":["post-9648","post","type-post","status-publish","format-standard","has-post-thumbnail","hentry","category-aktuelles"],"_links":{"self":[{"href":"https:\/\/pg-markt-rettenbach.de\/startseite\/wp-json\/wp\/v2\/posts\/9648","targetHints":{"allow":["GET"]}}],"collection":[{"href":"https:\/\/pg-markt-rettenbach.de\/startseite\/wp-json\/wp\/v2\/posts"}],"about":[{"href":"https:\/\/pg-markt-rettenbach.de\/startseite\/wp-json\/wp\/v2\/types\/post"}],"author":[{"embeddable":true,"href":"https:\/\/pg-markt-rettenbach.de\/startseite\/wp-json\/wp\/v2\/users\/1"}],"replies":[{"embeddable":true,"href":"https:\/\/pg-markt-rettenbach.de\/startseite\/wp-json\/wp\/v2\/comments?post=9648"}],"version-history":[{"count":10,"href":"https:\/\/pg-markt-rettenbach.de\/startseite\/wp-json\/wp\/v2\/posts\/9648\/revisions"}],"predecessor-version":[{"id":9667,"href":"https:\/\/pg-markt-rettenbach.de\/startseite\/wp-json\/wp\/v2\/posts\/9648\/revisions\/9667"}],"wp:featuredmedia":[{"embeddable":true,"href":"https:\/\/pg-markt-rettenbach.de\/startseite\/wp-json\/wp\/v2\/media\/9650"}],"wp:attachment":[{"href":"https:\/\/pg-markt-rettenbach.de\/startseite\/wp-json\/wp\/v2\/media?parent=9648"}],"wp:term":[{"taxonomy":"category","embeddable":true,"href":"https:\/\/pg-markt-rettenbach.de\/startseite\/wp-json\/wp\/v2\/categories?post=9648"},{"taxonomy":"post_tag","embeddable":true,"href":"https:\/\/pg-markt-rettenbach.de\/startseite\/wp-json\/wp\/v2\/tags?post=9648"}],"curies":[{"name":"wp","href":"https:\/\/api.w.org\/{rel}","templated":true}]}}